{"id":11454,"date":"2019-04-07T17:55:10","date_gmt":"2019-04-07T15:55:10","guid":{"rendered":"https:\/\/clubourenseatletismo.es\/blog\/?p=11454"},"modified":"2019-04-07T17:55:12","modified_gmt":"2019-04-07T15:55:12","slug":"pruebas-federadas-sabado","status":"publish","type":"post","link":"http:\/\/clubourenseatletismo.es\/blog\/2019\/04\/07\/pruebas-federadas-sabado\/","title":{"rendered":"Pruebas Federadas S\u00e1bado."},"content":{"rendered":"<p><img loading=\"lazy\" decoding=\"async\" class=\" wp-image-11456 aligncenter\" src=\"https:\/\/clubourenseatletismo.es\/blog\/wp-content\/uploads\/2019\/04\/IMG-20190407-WA0003-1024x768.jpg\" alt=\"\" width=\"437\" height=\"328\" srcset=\"http:\/\/clubourenseatletismo.es\/blog\/wp-content\/uploads\/2019\/04\/IMG-20190407-WA0003-1024x768.jpg 1024w, http:\/\/clubourenseatletismo.es\/blog\/wp-content\/uploads\/2019\/04\/IMG-20190407-WA0003-300x225.jpg 300w, http:\/\/clubourenseatletismo.es\/blog\/wp-content\/uploads\/2019\/04\/IMG-20190407-WA0003-768x576.jpg 768w, http:\/\/clubourenseatletismo.es\/blog\/wp-content\/uploads\/2019\/04\/IMG-20190407-WA0003.jpg 1600w\" sizes=\"auto, (max-width: 437px) 100vw, 437px\" \/><\/p>\n<h6>XOGADE II Xornada Interzonal Atletismo Escolar en pista<\/h6>\n<p>Ayer concluy\u00f3 la II\u00aa Xornada Interzonal Atletismo Escolar en pista y aunque las previsiones meteorol\u00f3gicas no eran las m\u00e1s id\u00f3neas, nuestros deportistas m\u00e1s osados acudieron a la cita con ganas renovadas de batir las marcas alcanzadas en la jornada anterior.<\/p>\n<p>Entre los resultados obtenidos debemos destacar la actuaci\u00f3n de uno de los m\u00e1s peque\u00f1os del club que lograba batir hasta en dos ocasiones los r\u00e9cords&nbsp; vigentes en su categor\u00eda.<\/p>\n<table width=\"543\">\n<tbody>\n<tr>\n<td>Salgado<\/td>\n<td>Fern\u00e1ndez<\/td>\n<td>Hugo<\/td>\n<td>L. Peso 2 Kg Triatl\u00f3n<\/td>\n<td>Sub 10<\/td>\n<td>7.48 mts<\/td>\n<\/tr>\n<tr>\n<td>Salgado<\/td>\n<td>Fern\u00e1ndez<\/td>\n<td>Hugo<\/td>\n<td>Triatl\u00f3n&nbsp;<\/td>\n<td>Sub 10<\/td>\n<td>623 ptos<\/td>\n<\/tr>\n<\/tbody>\n<\/table>\n<p>La siguiente cita ser\u00e1 el pr\u00f3ximo d\u00eda 27 de Abril s\u00e1bado en horario de ma\u00f1ana.<\/p>\n<p style=\"text-align: center;\"><a class=\"fasc-button fasc-size-medium fasc-type-glossy fasc-rounded-medium ico-fa fasc-ico-before fa-trophy\" style=\"background-color: #e66903; color: #ffffff;\" target=\"_blank\" rel=\"noopener\" href=\"https:\/\/atletismo.gal\/wp-content\/uploads\/2019\/03\/ro061419.pdf\">Resultados<\/a><\/p>\n<h6 class=\"entry-title\">Encontro C.A.Sada \u2013 S.G.Pontevedra<\/h6>\n<p><img loading=\"lazy\" decoding=\"async\" class=\" wp-image-11464 aligncenter\" src=\"https:\/\/clubourenseatletismo.es\/blog\/wp-content\/uploads\/2019\/04\/chicas-1024x768.jpg\" alt=\"\" width=\"456\" height=\"342\" srcset=\"http:\/\/clubourenseatletismo.es\/blog\/wp-content\/uploads\/2019\/04\/chicas-1024x768.jpg 1024w, http:\/\/clubourenseatletismo.es\/blog\/wp-content\/uploads\/2019\/04\/chicas-300x225.jpg 300w, http:\/\/clubourenseatletismo.es\/blog\/wp-content\/uploads\/2019\/04\/chicas-768x576.jpg 768w, http:\/\/clubourenseatletismo.es\/blog\/wp-content\/uploads\/2019\/04\/chicas.jpg 1600w\" sizes=\"auto, (max-width: 456px) 100vw, 456px\" \/><\/p>\n<p>Paralelamente se disputar\u00eda el I Encontro C.A.Sada \u2013 S.G.Pontevedra en el Centro de Tecnificaci\u00f3n Deportiva de Pontevedra y aquellos atletas en busca de la tan preciada marca m\u00ednima que le dar\u00e1 la opci\u00f3n de participar en los diversos campeonatos de Espa\u00f1a, acudieron para tratar de obtenerla o mejorarla de ser el caso.<\/p>\n<table width=\"449\">\n<tbody>\n<tr>\n<td width=\"71\">Fern\u00e1ndez<\/td>\n<td width=\"99\">Colmenero<\/td>\n<td width=\"62\">Martina<\/td>\n<td width=\"59\">1.000 m<\/td>\n<td width=\"54\">Sub 16<\/td>\n<td width=\"24\">5\u00aa<\/td>\n<td width=\"80\">03:17.01<\/td>\n<\/tr>\n<tr>\n<td>Mijangos<\/td>\n<td>Garc\u00eda\/Mendoza<\/td>\n<td>Clara<\/td>\n<td>1.000 m<\/td>\n<td>Sub 16<\/td>\n<td>8\u00aa<\/td>\n<td>03:19.18<\/td>\n<\/tr>\n<tr>\n<td>Seoane<\/td>\n<td>Rodr\u00edguez<\/td>\n<td>Anxela<\/td>\n<td>1.000 m<\/td>\n<td>Sub 16<\/td>\n<td>4\u00aa<\/td>\n<td>03:16.14<\/td>\n<\/tr>\n<tr>\n<td>\u00c1lvarez<\/td>\n<td>Nogueira<\/td>\n<td>Pablo<\/td>\n<td>100 mts<\/td>\n<td>Sub 18<\/td>\n<td>1\u00ba<\/td>\n<td>00:11.62<\/td>\n<\/tr>\n<tr>\n<td>Castro<\/td>\n<td>P\u00e9rez<\/td>\n<td>Ant\u00eda<\/td>\n<td>800 mts<\/td>\n<td>Sub 18<\/td>\n<td>2\u00aa<\/td>\n<td>02:22.86<\/td>\n<\/tr>\n<tr>\n<td>M\u00edguez<\/td>\n<td>Seara<\/td>\n<td>Mart\u00edn<\/td>\n<td>800 mts<\/td>\n<td>Sub 18<\/td>\n<td>4\u00ba<\/td>\n<td>02:07.45<\/td>\n<\/tr>\n<tr>\n<td>Dom\u00ednguez<\/td>\n<td>Fornos<\/td>\n<td>Alex<\/td>\n<td>800 mts<\/td>\n<td>Sub 20<\/td>\n<td>3\u00ba<\/td>\n<td>01:59.00<\/td>\n<\/tr>\n<\/tbody>\n<\/table>\n<p style=\"text-align: center;\"><a class=\"fasc-button fasc-size-medium fasc-type-glossy fasc-rounded-medium ico-fa fasc-ico-before fa-trophy\" style=\"background-color: #e66903; color: #ffffff;\" target=\"_blank\" rel=\"noopener\" href=\"https:\/\/atletismo.gal\/wp-content\/uploads\/2019\/03\/rp060419.pdf\">Resultados<\/a><\/p>\n<p>&nbsp;<\/p>\n<p>&nbsp;<\/p>\n\n\n<p><\/p>\n","protected":false},"excerpt":{"rendered":"<p>XOGADE II Xornada Interzonal Atletismo Escolar en pista Ayer concluy\u00f3 la II\u00aa Xornada Interzonal Atletismo Escolar en pista y aunque las previsiones meteorol\u00f3gicas no eran las m\u00e1s id\u00f3neas, nuestros deportistas m\u00e1s osados acudieron a la cita con ganas renovadas de batir las marcas alcanzadas en&#8230;<\/p>\n","protected":false},"author":1,"featured_media":0,"comment_status":"closed","ping_status":"closed","sticky":false,"template":"","format":"standard","meta":{"footnotes":""},"categories":[9],"tags":[],"class_list":["post-11454","post","type-post","status-publish","format-standard","hentry","category-resultados"],"aioseo_notices":[],"_links":{"self":[{"href":"http:\/\/clubourenseatletismo.es\/blog\/wp-json\/wp\/v2\/posts\/11454","targetHints":{"allow":["GET"]}}],"collection":[{"href":"http:\/\/clubourenseatletismo.es\/blog\/wp-json\/wp\/v2\/posts"}],"about":[{"href":"http:\/\/clubourenseatletismo.es\/blog\/wp-json\/wp\/v2\/types\/post"}],"author":[{"embeddable":true,"href":"http:\/\/clubourenseatletismo.es\/blog\/wp-json\/wp\/v2\/users\/1"}],"replies":[{"embeddable":true,"href":"http:\/\/clubourenseatletismo.es\/blog\/wp-json\/wp\/v2\/comments?post=11454"}],"version-history":[{"count":11,"href":"http:\/\/clubourenseatletismo.es\/blog\/wp-json\/wp\/v2\/posts\/11454\/revisions"}],"predecessor-version":[{"id":11471,"href":"http:\/\/clubourenseatletismo.es\/blog\/wp-json\/wp\/v2\/posts\/11454\/revisions\/11471"}],"wp:attachment":[{"href":"http:\/\/clubourenseatletismo.es\/blog\/wp-json\/wp\/v2\/media?parent=11454"}],"wp:term":[{"taxonomy":"category","embeddable":true,"href":"http:\/\/clubourenseatletismo.es\/blog\/wp-json\/wp\/v2\/categories?post=11454"},{"taxonomy":"post_tag","embeddable":true,"href":"http:\/\/clubourenseatletismo.es\/blog\/wp-json\/wp\/v2\/tags?post=11454"}],"curies":[{"name":"wp","href":"https:\/\/api.w.org\/{rel}","templated":true}]}}