{"id":11369,"date":"2019-03-28T14:11:19","date_gmt":"2019-03-28T13:11:19","guid":{"rendered":"https:\/\/clubourenseatletismo.es\/blog\/?p=11369"},"modified":"2019-03-28T14:11:21","modified_gmt":"2019-03-28T13:11:21","slug":"io-control-de-marcas-o-barco","status":"publish","type":"post","link":"http:\/\/clubourenseatletismo.es\/blog\/2019\/03\/28\/io-control-de-marcas-o-barco\/","title":{"rendered":"I\u00ba Control de Marcas O Barco."},"content":{"rendered":"<p><img loading=\"lazy\" decoding=\"async\" class=\" wp-image-11371 aligncenter\" src=\"https:\/\/clubourenseatletismo.es\/blog\/wp-content\/uploads\/2019\/03\/foto-1.jpg\" alt=\"\" width=\"281\" height=\"326\" srcset=\"http:\/\/clubourenseatletismo.es\/blog\/wp-content\/uploads\/2019\/03\/foto-1.jpg 439w, http:\/\/clubourenseatletismo.es\/blog\/wp-content\/uploads\/2019\/03\/foto-1-259x300.jpg 259w\" sizes=\"auto, (max-width: 281px) 100vw, 281px\" \/><\/p>\n<p>Coincidindo coa celebraci\u00f3n do Trofeo Aurum outra proba far\u00edamos voltar os ollos espectantes ante os resultados que al\u00ed se conseguirian.<\/p>\n<p>Este era o I Control de Marcas Federado que acollen as pistas de Calabagueiros no que vai de tempada. Foi organizado polo Club Adas-Proinor e do seu control ocupouse o Comit\u00e9 Valdeorr\u00e9s de Xu\u00edces da Federaci\u00f3n Galega de Atletismo (FGA).<\/p>\n<p>Tres atletas acudir\u00edan a estas probas: Kiara Salgado far\u00edao nas probas de 80 mts, Lanzamento de jabalina e Triple salto acadando nesta \u00faltima disciplina batir o vixente r\u00e9cord da sua categor\u00eda do noso club.<\/p>\n<p>Os outros dous atletas , Jose Pablo Lorenzo e Pablo Nogueira ian con outro proposito, acadar a m\u00ednima para poder participar nos nacionais polo que nos agrada decir que obxetivo cumplido.&nbsp; Noraboa a tod@s.<\/p>\n<p>Estes foron os seus resultados:<\/p>\n<table width=\"519\">\n<tbody>\n<tr>\n<td width=\"76\">Salgado<\/td>\n<td width=\"79\">Rodr\u00edguez<\/td>\n<td width=\"73\">Kiara<\/td>\n<td width=\"118\">80 mts<\/td>\n<td width=\"57\">Sub 14<\/td>\n<td width=\"36\">1\u00aa<\/td>\n<td width=\"80\">00:11.38<\/td>\n<\/tr>\n<tr>\n<td>&nbsp;<\/td>\n<td>&nbsp;<\/td>\n<td>&nbsp;<\/td>\n<td>L. Jabalina 400 g<\/td>\n<td>Sub 14<\/td>\n<td>2\u00aa<\/td>\n<td>12.31 mts<\/td>\n<\/tr>\n<tr>\n<td>&nbsp;<\/td>\n<td>&nbsp;<\/td>\n<td>&nbsp;<\/td>\n<td>Triple Salto<\/td>\n<td>Sub 14<\/td>\n<td>1\u00ba<\/td>\n<td>9.79 mts<\/td>\n<\/tr>\n<tr>\n<td>Lorenzo<\/td>\n<td>conde<\/td>\n<td>Jos\u00e9 Pablo<\/td>\n<td>100 mts<\/td>\n<td>M\u00e1ster<\/td>\n<td>1\u00ba<\/td>\n<td>00:12.42<\/td>\n<\/tr>\n<tr>\n<td>Alvarez<\/td>\n<td>Nogueira<\/td>\n<td>Pablo<\/td>\n<td>100 mts<\/td>\n<td>Sub 18<\/td>\n<td>1\u00ba<\/td>\n<td>00:11.44<\/td>\n<\/tr>\n<\/tbody>\n<\/table>\n<p>&nbsp;<\/p>\n<p>&nbsp;<\/p>\n<p style=\"text-align: center;\"><a class=\"fasc-button fasc-size-medium fasc-type-glossy fasc-rounded-medium ico-fa fasc-ico-before fa-trophy\" style=\"background-color: #e66903; color: #ffffff;\" target=\"_blank\" rel=\"noopener\" href=\"https:\/\/atletismo.gal\/wp-content\/uploads\/2019\/03\/roba230319.pdf\">Resultados Control de Marcas<\/a>&nbsp;<a class=\"fasc-button fasc-size-medium fasc-type-glossy fasc-rounded-medium ico-fa fasc-ico-before fa-trophy\" style=\"background-color: #e66903; color: #ffffff;\" target=\"_blank\" rel=\"noopener\" href=\"https:\/\/atletismo.gal\/wp-content\/uploads\/2019\/02\/rob230319.pdf\">Resultados Xogade<\/a><\/p>\n<p>&nbsp;<\/p>\n<p>&nbsp;<\/p>\n<p>&nbsp;<\/p>\n<p>&nbsp;<\/p>\n","protected":false},"excerpt":{"rendered":"<p>Coincidindo coa celebraci\u00f3n do Trofeo Aurum outra proba far\u00edamos voltar os ollos espectantes ante os resultados que al\u00ed se conseguirian. Este era o I Control de Marcas Federado que acollen as pistas de Calabagueiros no que vai de tempada. Foi organizado polo Club Adas-Proinor e&#8230;<\/p>\n","protected":false},"author":1,"featured_media":0,"comment_status":"closed","ping_status":"closed","sticky":false,"template":"","format":"standard","meta":{"footnotes":""},"categories":[9],"tags":[],"class_list":["post-11369","post","type-post","status-publish","format-standard","hentry","category-resultados"],"aioseo_notices":[],"_links":{"self":[{"href":"http:\/\/clubourenseatletismo.es\/blog\/wp-json\/wp\/v2\/posts\/11369","targetHints":{"allow":["GET"]}}],"collection":[{"href":"http:\/\/clubourenseatletismo.es\/blog\/wp-json\/wp\/v2\/posts"}],"about":[{"href":"http:\/\/clubourenseatletismo.es\/blog\/wp-json\/wp\/v2\/types\/post"}],"author":[{"embeddable":true,"href":"http:\/\/clubourenseatletismo.es\/blog\/wp-json\/wp\/v2\/users\/1"}],"replies":[{"embeddable":true,"href":"http:\/\/clubourenseatletismo.es\/blog\/wp-json\/wp\/v2\/comments?post=11369"}],"version-history":[{"count":5,"href":"http:\/\/clubourenseatletismo.es\/blog\/wp-json\/wp\/v2\/posts\/11369\/revisions"}],"predecessor-version":[{"id":11376,"href":"http:\/\/clubourenseatletismo.es\/blog\/wp-json\/wp\/v2\/posts\/11369\/revisions\/11376"}],"wp:attachment":[{"href":"http:\/\/clubourenseatletismo.es\/blog\/wp-json\/wp\/v2\/media?parent=11369"}],"wp:term":[{"taxonomy":"category","embeddable":true,"href":"http:\/\/clubourenseatletismo.es\/blog\/wp-json\/wp\/v2\/categories?post=11369"},{"taxonomy":"post_tag","embeddable":true,"href":"http:\/\/clubourenseatletismo.es\/blog\/wp-json\/wp\/v2\/tags?post=11369"}],"curies":[{"name":"wp","href":"https:\/\/api.w.org\/{rel}","templated":true}]}}