{"id":11333,"date":"2019-03-26T09:33:42","date_gmt":"2019-03-26T08:33:42","guid":{"rendered":"https:\/\/clubourenseatletismo.es\/blog\/?p=11333"},"modified":"2019-03-26T09:33:44","modified_gmt":"2019-03-26T08:33:44","slug":"un-nuevo-triunfo-para-laura-lopez","status":"publish","type":"post","link":"http:\/\/clubourenseatletismo.es\/blog\/2019\/03\/26\/un-nuevo-triunfo-para-laura-lopez\/","title":{"rendered":"Un nuevo triunfo para Laura L\u00f3pez"},"content":{"rendered":"<p><img loading=\"lazy\" decoding=\"async\" class=\" wp-image-11341 aligncenter\" src=\"https:\/\/clubourenseatletismo.es\/blog\/wp-content\/uploads\/2019\/03\/laurita.jpg\" alt=\"\" width=\"244\" height=\"434\" srcset=\"http:\/\/clubourenseatletismo.es\/blog\/wp-content\/uploads\/2019\/03\/laurita.jpg 540w, http:\/\/clubourenseatletismo.es\/blog\/wp-content\/uploads\/2019\/03\/laurita-169x300.jpg 169w\" sizes=\"auto, (max-width: 244px) 100vw, 244px\" \/><\/p>\n<p>Una de los nuevas disciplinas que est\u00e1 ganando muchos adeptos es la Marcha N\u00f3rdica que consiste en andar con unos bastones especialmente dise\u00f1ados para el desarrollo de esta actividad f\u00edsica, con el objetivo de optimizar el esfuerzo f\u00edsico realizado en el movimiento bio mec\u00e1nico de nuestro cuerpo al andar.<\/p>\n<p>Esto nos presenta un amplio panorama de actividad f\u00edsica apta para todas las personas, desde la&nbsp; caminata terap\u00e9utica y el entrenamiento aer\u00f3bico hasta los ejercicios espec\u00edficos para los atletas y la competici\u00f3n.<\/p>\n<p>Este domingo 24 de marzo se celebr\u00f3 en la ciudad herculina la Copa de Espa\u00f1a de Marcha Nordica y el I\u00ba Campeonato Gallego.<\/p>\n<p>La representante del club <strong>Laura L\u00f3pez<\/strong>, lograba muy buenos resultados siendo 1\u00aa Veterana B femenina en el Campeonato Gallego y 19\u00aa en la Copa de Espa\u00f1a.<\/p>\n<p>El pr\u00f3ximo s\u00e1bado d\u00eda 30 Asesou organizar\u00e1 una marcha en la ciudad para divulgar este deporte.<\/p>\n<p style=\"text-align: center;\">&nbsp;<a class=\"fasc-button fasc-size-medium fasc-type-glossy fasc-rounded-medium ico-fa fasc-ico-before fa-trophy\" style=\"background-color: #e66903; color: #ffffff;\" target=\"_blank\" rel=\"noopener\" href=\"https:\/\/youevent.es\/sport\/multimedia\/clasificaciones\/ClasificacionCOPADEESPAADEMARCHANRDICAFEDMEIITrofeoCidadeACoruadeMarchaNrdicaICampionatoGalegoIndividualdeMarchaNrdica-4.pdf\">Resultados Cpto<\/a><\/p>\n<h6>DUATLON ESCOLAR SAN CIBRAO DAS VI\u00d1AS<\/h6>\n<p><img loading=\"lazy\" decoding=\"async\" class=\" wp-image-11344 aligncenter\" src=\"https:\/\/clubourenseatletismo.es\/blog\/wp-content\/uploads\/2019\/03\/duatlon-1024x768.jpg\" alt=\"\" width=\"451\" height=\"338\" srcset=\"http:\/\/clubourenseatletismo.es\/blog\/wp-content\/uploads\/2019\/03\/duatlon-1024x768.jpg 1024w, http:\/\/clubourenseatletismo.es\/blog\/wp-content\/uploads\/2019\/03\/duatlon-300x225.jpg 300w, http:\/\/clubourenseatletismo.es\/blog\/wp-content\/uploads\/2019\/03\/duatlon-768x576.jpg 768w, http:\/\/clubourenseatletismo.es\/blog\/wp-content\/uploads\/2019\/03\/duatlon.jpg 1600w\" sizes=\"auto, (max-width: 451px) 100vw, 451px\" \/><\/p>\n<p>El domingo 24 de marzo se celebrar\u00eda otra actividad donde tambi\u00e9n estuvimos representados, concretamente en San Cibrao das Vi\u00f1as, en la Cidad del Transporte, a partir de las 11:00 horas la prueba de d\u00faatlon que se engloba en el calendario de competici\u00f3n deportiva en edad escolar para el actual curso, dentro de su fase zonal.<\/p>\n<p>La representaci\u00f3n de nuestro club correr\u00eda a manos de <strong>Yeray B\u00f3veda<\/strong> atleta alev\u00edn que lograba colocarse en 6\u00aa posici\u00f3n en su categor\u00eda.<\/p>\n<p>Esta competici\u00f3n era clasificatoria para la Final Provincial que se celebra en Maside el pr\u00f3ximo 30 de marzo.<\/p>\n<p style=\"text-align: center;\"><a class=\"fasc-button fasc-size-medium fasc-type-glossy fasc-rounded-medium ico-fa fasc-ico-before fa-trophy\" style=\"background-color: #e66903; color: #ffffff;\" target=\"_blank\" rel=\"noopener\" href=\"https:\/\/cdn.website-editor.net\/206a21c47cb44b60ba3e838a366f0345\/files\/uploaded\/Clasi_Alev_Masc.pdf\">Resultados<\/a><\/p>\n<p>&nbsp;<\/p>\n","protected":false},"excerpt":{"rendered":"<p>Una de los nuevas disciplinas que est\u00e1 ganando muchos adeptos es la Marcha N\u00f3rdica que consiste en andar con unos bastones especialmente dise\u00f1ados para el desarrollo de esta actividad f\u00edsica, con el objetivo de optimizar el esfuerzo f\u00edsico realizado en el movimiento bio mec\u00e1nico de&#8230;<\/p>\n","protected":false},"author":1,"featured_media":0,"comment_status":"closed","ping_status":"closed","sticky":false,"template":"","format":"standard","meta":{"footnotes":""},"categories":[9],"tags":[],"class_list":["post-11333","post","type-post","status-publish","format-standard","hentry","category-resultados"],"aioseo_notices":[],"_links":{"self":[{"href":"http:\/\/clubourenseatletismo.es\/blog\/wp-json\/wp\/v2\/posts\/11333","targetHints":{"allow":["GET"]}}],"collection":[{"href":"http:\/\/clubourenseatletismo.es\/blog\/wp-json\/wp\/v2\/posts"}],"about":[{"href":"http:\/\/clubourenseatletismo.es\/blog\/wp-json\/wp\/v2\/types\/post"}],"author":[{"embeddable":true,"href":"http:\/\/clubourenseatletismo.es\/blog\/wp-json\/wp\/v2\/users\/1"}],"replies":[{"embeddable":true,"href":"http:\/\/clubourenseatletismo.es\/blog\/wp-json\/wp\/v2\/comments?post=11333"}],"version-history":[{"count":5,"href":"http:\/\/clubourenseatletismo.es\/blog\/wp-json\/wp\/v2\/posts\/11333\/revisions"}],"predecessor-version":[{"id":11345,"href":"http:\/\/clubourenseatletismo.es\/blog\/wp-json\/wp\/v2\/posts\/11333\/revisions\/11345"}],"wp:attachment":[{"href":"http:\/\/clubourenseatletismo.es\/blog\/wp-json\/wp\/v2\/media?parent=11333"}],"wp:term":[{"taxonomy":"category","embeddable":true,"href":"http:\/\/clubourenseatletismo.es\/blog\/wp-json\/wp\/v2\/categories?post=11333"},{"taxonomy":"post_tag","embeddable":true,"href":"http:\/\/clubourenseatletismo.es\/blog\/wp-json\/wp\/v2\/tags?post=11333"}],"curies":[{"name":"wp","href":"https:\/\/api.w.org\/{rel}","templated":true}]}}