{"id":11066,"date":"2019-03-08T10:46:29","date_gmt":"2019-03-08T09:46:29","guid":{"rendered":"https:\/\/clubourenseatletismo.es\/blog\/?p=11066"},"modified":"2019-03-08T17:51:54","modified_gmt":"2019-03-08T16:51:54","slug":"xxx-campeonato-de-espana-master-en-pista-cubierta","status":"publish","type":"post","link":"http:\/\/clubourenseatletismo.es\/blog\/2019\/03\/08\/xxx-campeonato-de-espana-master-en-pista-cubierta\/","title":{"rendered":"XXX Campeonato de Espa\u00f1a Master en Pista Cubierta"},"content":{"rendered":"<p><img loading=\"lazy\" decoding=\"async\" class=\" wp-image-11067 aligncenter\" src=\"https:\/\/clubourenseatletismo.es\/blog\/wp-content\/uploads\/2019\/03\/pc_Master.jpg\" alt=\"\" width=\"329\" height=\"462\" srcset=\"http:\/\/clubourenseatletismo.es\/blog\/wp-content\/uploads\/2019\/03\/pc_Master.jpg 700w, http:\/\/clubourenseatletismo.es\/blog\/wp-content\/uploads\/2019\/03\/pc_Master-213x300.jpg 213w\" sizes=\"auto, (max-width: 329px) 100vw, 329px\" \/><\/p>\n<p>Por delegaci\u00f3n de la RFEA, la Federaci\u00f3n Gallega de Atletismo junto al ayuntamiento de Ourense organizar\u00e1n el XXX Campeonato de Espa\u00f1a M\u00e1ster en Pista Cubierta, hombres y mujeres, los d\u00edas 8, 9 y 10 de marzo de 2019 en Ourense.<\/p>\n<p>Ser\u00e1 obligatorio el acreditar una marca m\u00ednima reglamentaria en la prueba que se quiera participar, sirviendo tanto las marcas de pista cubierta como las de aire libre. El plazo de consecuci\u00f3n de estas marcas es del 1 de noviembre de 2017 al 28 de febrero de 2019.<\/p>\n<p>El plazo de inscripci\u00f3n se cierra el viernes 1 de marzo de 2019 a las 23:59.<\/p>\n<p>Cada atleta s\u00f3lo podr\u00e1 participar en un m\u00e1ximo de tres pruebas. Los atletas que hagan el pentatl\u00f3n s\u00f3lo podr\u00e1n hacer esa prueba ese d\u00eda. Los relevos y las pruebas eliminatorias est\u00e1n excluidos de esta limitaci\u00f3n.<\/p>\n<p style=\"text-align: center;\"><a class=\"fasc-button fasc-size-medium fasc-type-glossy fasc-rounded-medium fasc-ico-before dashicons-format-aside\" style=\"background-color: #218562; color: #ffffff;\" target=\"_blank\" rel=\"noopener\" href=\"http:\/\/www.rfea.es\/normas\/pdf\/reglamento2019\/11_vet_pc.pdf\">Reglamento<\/a>&nbsp;<a class=\"fasc-button fasc-size-medium fasc-type-glossy fasc-rounded-medium fasc-ico-before dashicons-groups\" style=\"background-color: #324994; color: #ffffff;\" target=\"_blank\" rel=\"noopener\">Inscritos<\/a>&nbsp;<a class=\"fasc-button fasc-size-medium fasc-type-glossy fasc-rounded-medium fasc-ico-before dashicons-format-aside\" style=\"background-color: #218562; color: #ffffff;\" target=\"_blank\" href=\"http:\/\/www.rfea.es\/veteranos\/calendario\/pc_ourense_horario.pdf\">Horario<\/a><\/p>\n\n\n<p><\/p>\n","protected":false},"excerpt":{"rendered":"<p>Por delegaci\u00f3n de la RFEA, la Federaci\u00f3n Gallega de Atletismo junto al ayuntamiento de Ourense organizar\u00e1n el XXX Campeonato de Espa\u00f1a M\u00e1ster en Pista Cubierta, hombres y mujeres, los d\u00edas 8, 9 y 10 de marzo de 2019 en Ourense. Ser\u00e1 obligatorio el acreditar una&#8230;<\/p>\n","protected":false},"author":1,"featured_media":0,"comment_status":"closed","ping_status":"closed","sticky":false,"template":"","format":"standard","meta":{"footnotes":""},"categories":[7],"tags":[],"class_list":["post-11066","post","type-post","status-publish","format-standard","hentry","category-noticias"],"aioseo_notices":[],"_links":{"self":[{"href":"http:\/\/clubourenseatletismo.es\/blog\/wp-json\/wp\/v2\/posts\/11066","targetHints":{"allow":["GET"]}}],"collection":[{"href":"http:\/\/clubourenseatletismo.es\/blog\/wp-json\/wp\/v2\/posts"}],"about":[{"href":"http:\/\/clubourenseatletismo.es\/blog\/wp-json\/wp\/v2\/types\/post"}],"author":[{"embeddable":true,"href":"http:\/\/clubourenseatletismo.es\/blog\/wp-json\/wp\/v2\/users\/1"}],"replies":[{"embeddable":true,"href":"http:\/\/clubourenseatletismo.es\/blog\/wp-json\/wp\/v2\/comments?post=11066"}],"version-history":[{"count":3,"href":"http:\/\/clubourenseatletismo.es\/blog\/wp-json\/wp\/v2\/posts\/11066\/revisions"}],"predecessor-version":[{"id":11132,"href":"http:\/\/clubourenseatletismo.es\/blog\/wp-json\/wp\/v2\/posts\/11066\/revisions\/11132"}],"wp:attachment":[{"href":"http:\/\/clubourenseatletismo.es\/blog\/wp-json\/wp\/v2\/media?parent=11066"}],"wp:term":[{"taxonomy":"category","embeddable":true,"href":"http:\/\/clubourenseatletismo.es\/blog\/wp-json\/wp\/v2\/categories?post=11066"},{"taxonomy":"post_tag","embeddable":true,"href":"http:\/\/clubourenseatletismo.es\/blog\/wp-json\/wp\/v2\/tags?post=11066"}],"curies":[{"name":"wp","href":"https:\/\/api.w.org\/{rel}","templated":true}]}}