{"id":10240,"date":"2019-01-08T15:56:27","date_gmt":"2019-01-08T14:56:27","guid":{"rendered":"https:\/\/clubourenseatletismo.es\/blog\/?p=10240"},"modified":"2019-01-08T15:56:28","modified_gmt":"2019-01-08T14:56:28","slug":"torneo-de-reis-2019-2","status":"publish","type":"post","link":"http:\/\/clubourenseatletismo.es\/blog\/2019\/01\/08\/torneo-de-reis-2019-2\/","title":{"rendered":"Torneo de Reis 2019"},"content":{"rendered":"<div id=\"attachment_10244\" style=\"width: 477px\" class=\"wp-caption aligncenter\"><img loading=\"lazy\" decoding=\"async\" aria-describedby=\"caption-attachment-10244\" class=\"wp-image-10244\" src=\"https:\/\/clubourenseatletismo.es\/blog\/wp-content\/uploads\/2019\/01\/reyes-pista-1.jpg\" alt=\"\" width=\"467\" height=\"290\" srcset=\"http:\/\/clubourenseatletismo.es\/blog\/wp-content\/uploads\/2019\/01\/reyes-pista-1.jpg 690w, http:\/\/clubourenseatletismo.es\/blog\/wp-content\/uploads\/2019\/01\/reyes-pista-1-300x187.jpg 300w\" sizes=\"auto, (max-width: 467px) 100vw, 467px\" \/><p id=\"caption-attachment-10244\" class=\"wp-caption-text\">Foto: Gustavo Santos.<\/p><\/div>\n<p class=\"entradilla\">En un ambiente navide\u00f1o y con sorpresas preparadas por los organizadores entre ellas la visita de los Reyes Magos y un homenaje a la campeona de Europa, Solange Pereira, clubes de toda la geograf\u00eda gallega se citaron en el CGTD para disputar el Torneo de Reyes 2018. Se trataba de una prueba organizada por el Club Atletismo R\u00edas Baixas con la colaboraci\u00f3n de la Federaci\u00f3n Galega de Atletismo.<\/p>\n<p class=\"entradilla\">El \u00e9xito de la prueba fue rotundo, ya que se rebasaron ampliamente las previsones en las inscripciones. Se esperaba la presencia de entre 200 y 300 atletas y finalmente fueron cerca de 800 deportistas inscritos.<\/p>\n<p class=\"entradilla\">Entre ellos acudieron de nuestro club seis atletas la mayor\u00eda para participar en la prueba de los 3.000 mts. El torneo arrancaba con el 3.000 femenino con un p\u00f3dium formado por la campeona de Espa\u00f1a Sara L\u00f3pez, Sandra Mosquera y <strong>Branca Fern\u00e1ndez <\/strong>sub18-1\u00aa (10:49.27)<strong>.<\/strong>&nbsp; Los demas atletas del club en esta prueba ser\u00edan Carolina Santos sub16 -7\u00aa (11:32.01), Juli\u00e1n Romero senior -8\u00ba (09:11.62) y Jos\u00e9 Benito G\u00f3mez m\u00e1ster55 -2\u00ba (11:17.40).<\/p>\n<p>Otra de las pruebas donde tuvimos representaci\u00f3n ser\u00eda la de los 800 mts donde Juli\u00e1n Romero y Antonio Touza ser\u00edan nuestros representantes, ambos primeros en su categor\u00edas con unos registros de 02:18.24 y 02:15.33 respectivamente.<\/p>\n<p style=\"text-align: center;\"><a class=\"fasc-button fasc-size-medium fasc-type-glossy fasc-rounded-medium ico-fa fasc-ico-before fa-trophy\" style=\"background-color: #e66903; color: #ffffff;\" target=\"_blank\" rel=\"noopener\" href=\"https:\/\/atletismo.gal\/wp-content\/uploads\/2018\/12\/rp050119.pdf\">Resultados<\/a><\/p>\n","protected":false},"excerpt":{"rendered":"<p>En un ambiente navide\u00f1o y con sorpresas preparadas por los organizadores entre ellas la visita de los Reyes Magos y un homenaje a la campeona de Europa, Solange Pereira, clubes de toda la geograf\u00eda gallega se citaron en el CGTD para disputar el Torneo de&#8230;<\/p>\n","protected":false},"author":1,"featured_media":0,"comment_status":"closed","ping_status":"closed","sticky":false,"template":"","format":"standard","meta":{"footnotes":""},"categories":[9],"tags":[],"class_list":["post-10240","post","type-post","status-publish","format-standard","hentry","category-resultados"],"aioseo_notices":[],"_links":{"self":[{"href":"http:\/\/clubourenseatletismo.es\/blog\/wp-json\/wp\/v2\/posts\/10240","targetHints":{"allow":["GET"]}}],"collection":[{"href":"http:\/\/clubourenseatletismo.es\/blog\/wp-json\/wp\/v2\/posts"}],"about":[{"href":"http:\/\/clubourenseatletismo.es\/blog\/wp-json\/wp\/v2\/types\/post"}],"author":[{"embeddable":true,"href":"http:\/\/clubourenseatletismo.es\/blog\/wp-json\/wp\/v2\/users\/1"}],"replies":[{"embeddable":true,"href":"http:\/\/clubourenseatletismo.es\/blog\/wp-json\/wp\/v2\/comments?post=10240"}],"version-history":[{"count":9,"href":"http:\/\/clubourenseatletismo.es\/blog\/wp-json\/wp\/v2\/posts\/10240\/revisions"}],"predecessor-version":[{"id":10257,"href":"http:\/\/clubourenseatletismo.es\/blog\/wp-json\/wp\/v2\/posts\/10240\/revisions\/10257"}],"wp:attachment":[{"href":"http:\/\/clubourenseatletismo.es\/blog\/wp-json\/wp\/v2\/media?parent=10240"}],"wp:term":[{"taxonomy":"category","embeddable":true,"href":"http:\/\/clubourenseatletismo.es\/blog\/wp-json\/wp\/v2\/categories?post=10240"},{"taxonomy":"post_tag","embeddable":true,"href":"http:\/\/clubourenseatletismo.es\/blog\/wp-json\/wp\/v2\/tags?post=10240"}],"curies":[{"name":"wp","href":"https:\/\/api.w.org\/{rel}","templated":true}]}}