{"id":10049,"date":"2018-12-23T20:01:27","date_gmt":"2018-12-23T19:01:27","guid":{"rendered":"https:\/\/clubourenseatletismo.es\/blog\/?p=10049"},"modified":"2018-12-24T10:23:02","modified_gmt":"2018-12-24T09:23:02","slug":"las-sub12-campeonas","status":"publish","type":"post","link":"http:\/\/clubourenseatletismo.es\/blog\/2018\/12\/23\/las-sub12-campeonas\/","title":{"rendered":"LAS SUB12 CAMPEONAS."},"content":{"rendered":"<p><img loading=\"lazy\" decoding=\"async\" class=\"wp-image-10074 aligncenter\" src=\"https:\/\/clubourenseatletismo.es\/blog\/wp-content\/uploads\/2018\/12\/RELEVOS1-1024x679.jpg\" alt=\"\" width=\"435\" height=\"289\" srcset=\"http:\/\/clubourenseatletismo.es\/blog\/wp-content\/uploads\/2018\/12\/RELEVOS1-1024x679.jpg 1024w, http:\/\/clubourenseatletismo.es\/blog\/wp-content\/uploads\/2018\/12\/RELEVOS1-300x199.jpg 300w, http:\/\/clubourenseatletismo.es\/blog\/wp-content\/uploads\/2018\/12\/RELEVOS1-768x509.jpg 768w, http:\/\/clubourenseatletismo.es\/blog\/wp-content\/uploads\/2018\/12\/RELEVOS1.jpg 1153w\" sizes=\"auto, (max-width: 435px) 100vw, 435px\" \/><\/p>\n<p>Esta fin de semana na Pista Cuberta de Ourense duas importantes citas deronse cita. O s\u00e1bado foi a quenda das categor\u00edas menores onde un total de 48 equipos e preto de 800 atletas foron quen de acadar a chegada a esta Fase Final.&nbsp;&nbsp; Tratabase dunha competici\u00f3n que se desenvolveu en dobre xornada dando comezo a primera delas as 10:30 h. ca participaci\u00f3n dos equipos Sub10 e Sub12,&nbsp; para ser a partir das 17:00 horas o turno dos Sub14 .<\/p>\n<p>Un dos momentos m\u00e1is emotivo sen lugar a d\u00fabidas foi cando no centro da pista t\u00f3dolos asistentes agardaron un minuto de silencio como repulsa os crimenes da violencia machistas baixo o lema de \u201cVivir e correr sen medo\u201d<\/p>\n<p><img loading=\"lazy\" decoding=\"async\" class=\"wp-image-10073 aligncenter\" src=\"https:\/\/clubourenseatletismo.es\/blog\/wp-content\/uploads\/2018\/12\/RELEVOS-1024x679.jpg\" alt=\"\" width=\"441\" height=\"293\" srcset=\"http:\/\/clubourenseatletismo.es\/blog\/wp-content\/uploads\/2018\/12\/RELEVOS-1024x679.jpg 1024w, http:\/\/clubourenseatletismo.es\/blog\/wp-content\/uploads\/2018\/12\/RELEVOS-300x199.jpg 300w, http:\/\/clubourenseatletismo.es\/blog\/wp-content\/uploads\/2018\/12\/RELEVOS-768x509.jpg 768w, http:\/\/clubourenseatletismo.es\/blog\/wp-content\/uploads\/2018\/12\/RELEVOS.jpg 1153w\" sizes=\"auto, (max-width: 441px) 100vw, 441px\" \/>Noutro orden de cousas e falando xa de resultados:<\/p>\n<p>Por equipos:<\/p>\n<ul>\n<li>os sub10 homes lograban acabar a 4\u00aa posici\u00f3n con 102 puntos a tan s\u00f3 dous puntos do terceiro clasificado, na mentres as sub 10 mulleres acadaban a 5\u00ba posici\u00f3n na clasificaci\u00f3n xeral con 101 puntos a tan s\u00f3 3 puntos das terceiras.<\/li>\n<li>os sub12 homes acadaron a 2\u00aa posici\u00f3n con 120 puntos e as mulleres logo do reconto final acadaban a 1\u00ba posici\u00f3n con 129 puntos e convert\u00edan o equipo en campi\u00f3n na s\u00faa categor\u00eda desta VI Liga ABANCA.<\/li>\n<\/ul>\n<p>Por actuacions individuais:<\/p>\n<p>Nas categorias sub10 destacar @s atletas <strong>Aroa Ruano<\/strong> vencedora na proba de lanzamento e que destrozou o anterior <em>r\u00e9cord<\/em> da s\u00faa categor\u00eda (<strong>6.22 mts<\/strong>). Hugo Salgado no salto de lonxitude (1\u00ba) e Xiana Ortega nos 50 mts lisos (3\u00aa).<\/p>\n<p>Nas categor\u00edas sub12&nbsp; cumpre destacar as actuacions de <strong>Iria Solera<\/strong> nos 1.000 mts onde rebaixaba o r\u00e9cord actual e a s\u00faa marca persoal situando o novo rexistro en&nbsp; 03:38.70, detacable tam\u00e9n na mesma proba a actuaci\u00f3n de <strong>Fernando Trapote<\/strong> que a piques estivo de facer o mesmo.<\/p>\n<p><img loading=\"lazy\" decoding=\"async\" class=\"alignleft  wp-image-10072\" src=\"https:\/\/clubourenseatletismo.es\/blog\/wp-content\/uploads\/2018\/12\/AROA.jpg\" alt=\"\" width=\"193\" height=\"291\" srcset=\"http:\/\/clubourenseatletismo.es\/blog\/wp-content\/uploads\/2018\/12\/AROA.jpg 506w, http:\/\/clubourenseatletismo.es\/blog\/wp-content\/uploads\/2018\/12\/AROA-199x300.jpg 199w\" sizes=\"auto, (max-width: 193px) 100vw, 193px\" \/>Noraboa a t\u00f3dol@s participantes dos equipos clasificados sen os que estes resultados non ser\u00edan posibles e en especial as CAMPEONAS SUB-12 FEMENINAS.<\/p>\n<p>&nbsp;<\/p>\n<p style=\"text-align: center;\"><a class=\"fasc-button fasc-size-medium fasc-type-glossy fasc-rounded-medium ico-fa fasc-ico-before fa-trophy\" style=\"background-color: #e66903; color: #ffffff;\" href=\"https:\/\/atletismo.gal\/wp-content\/uploads\/2018\/10\/Resultados-sub10.pdf\" target=\"_blank\" rel=\"noopener\">Resultados sub-10<\/a>&nbsp; <a class=\"fasc-button fasc-size-medium fasc-type-glossy fasc-rounded-medium ico-fa fasc-ico-before fa-trophy\" style=\"background-color: #e66903; color: #ffffff;\" href=\"https:\/\/atletismo.gal\/wp-content\/uploads\/2018\/10\/Resultados-sub12.pdf\" target=\"_blank\" rel=\"noopener\">Resultados sub12<\/a>&nbsp;<a class=\"fasc-button fasc-size-medium fasc-type-glossy fasc-rounded-medium fasc-ico-before dashicons-camera\" style=\"background-color: #33809e; color: #ffffff;\" href=\"https:\/\/photos.app.goo.gl\/AC4uLrQPMDmEs7eRA\" target=\"_blank\" rel=\"noopener\">Fotos sub10 \/12 Alberto D\u00edaz<\/a>&nbsp;&nbsp;&nbsp;&nbsp;<a class=\"fasc-button fasc-size-medium fasc-type-glossy fasc-rounded-medium fasc-ico-before dashicons-camera\" style=\"background-color: #33809e; color: #ffffff;\" href=\"https:\/\/photos.app.goo.gl\/AC4uLrQPMDmEs7eRA\" target=\"_blank\" rel=\"noopener\">Fotos sub14 Alberto D\u00edaz<\/a><\/p>\n","protected":false},"excerpt":{"rendered":"<p>Esta fin de semana na Pista Cuberta de Ourense duas importantes citas deronse cita. O s\u00e1bado foi a quenda das categor\u00edas menores onde un total de 48 equipos e preto de 800 atletas foron quen de acadar a chegada a esta Fase Final.&nbsp;&nbsp; Tratabase dunha&#8230;<\/p>\n","protected":false},"author":1,"featured_media":0,"comment_status":"closed","ping_status":"closed","sticky":false,"template":"","format":"standard","meta":{"footnotes":""},"categories":[9],"tags":[],"class_list":["post-10049","post","type-post","status-publish","format-standard","hentry","category-resultados"],"aioseo_notices":[],"_links":{"self":[{"href":"http:\/\/clubourenseatletismo.es\/blog\/wp-json\/wp\/v2\/posts\/10049","targetHints":{"allow":["GET"]}}],"collection":[{"href":"http:\/\/clubourenseatletismo.es\/blog\/wp-json\/wp\/v2\/posts"}],"about":[{"href":"http:\/\/clubourenseatletismo.es\/blog\/wp-json\/wp\/v2\/types\/post"}],"author":[{"embeddable":true,"href":"http:\/\/clubourenseatletismo.es\/blog\/wp-json\/wp\/v2\/users\/1"}],"replies":[{"embeddable":true,"href":"http:\/\/clubourenseatletismo.es\/blog\/wp-json\/wp\/v2\/comments?post=10049"}],"version-history":[{"count":12,"href":"http:\/\/clubourenseatletismo.es\/blog\/wp-json\/wp\/v2\/posts\/10049\/revisions"}],"predecessor-version":[{"id":10092,"href":"http:\/\/clubourenseatletismo.es\/blog\/wp-json\/wp\/v2\/posts\/10049\/revisions\/10092"}],"wp:attachment":[{"href":"http:\/\/clubourenseatletismo.es\/blog\/wp-json\/wp\/v2\/media?parent=10049"}],"wp:term":[{"taxonomy":"category","embeddable":true,"href":"http:\/\/clubourenseatletismo.es\/blog\/wp-json\/wp\/v2\/categories?post=10049"},{"taxonomy":"post_tag","embeddable":true,"href":"http:\/\/clubourenseatletismo.es\/blog\/wp-json\/wp\/v2\/tags?post=10049"}],"curies":[{"name":"wp","href":"https:\/\/api.w.org\/{rel}","templated":true}]}}